{"id":571,"date":"2025-03-25T11:53:23","date_gmt":"2025-03-25T11:53:23","guid":{"rendered":"https:\/\/www.innio.biz\/sin-categorizar\/fuerza-de-ventas\/"},"modified":"2025-03-31T11:03:05","modified_gmt":"2025-03-31T11:03:05","slug":"forca-de-vendes","status":"publish","type":"post","link":"https:\/\/www.innio.biz\/ca\/blog\/forca-de-vendes\/","title":{"rendered":"Saps quina \u00e9s la for\u00e7a de vendes de la teva empresa?"},"content":{"rendered":"<p><div class=\"fusion-fullwidth fullwidth-box fusion-builder-row-1 fusion-flex-container has-pattern-background has-mask-background hundred-percent-fullwidth non-hundred-percent-height-scrolling\" style=\"--awb-border-radius-top-left:0px;--awb-border-radius-top-right:0px;--awb-border-radius-bottom-right:0px;--awb-border-radius-bottom-left:0px;--awb-padding-top:2%;--awb-padding-bottom:2%;--awb-background-color:var(--awb-color2);--awb-flex-wrap:wrap;\" ><div class=\"fusion-builder-row fusion-row fusion-flex-align-items-flex-start fusion-flex-content-wrap\" style=\"width:104% !important;max-width:104% !important;margin-left: calc(-4% \/ 2 );margin-right: calc(-4% \/ 2 );\"><div class=\"fusion-layout-column fusion_builder_column fusion-builder-column-0 fusion_builder_column_1_1 1_1 fusion-flex-column\" style=\"--awb-bg-size:cover;--awb-width-large:100%;--awb-margin-top-large:0px;--awb-spacing-right-large:1.92%;--awb-margin-bottom-large:0px;--awb-spacing-left-large:1.92%;--awb-width-medium:100%;--awb-order-medium:0;--awb-spacing-right-medium:1.92%;--awb-spacing-left-medium:1.92%;--awb-width-small:100%;--awb-order-small:0;--awb-spacing-right-small:1.92%;--awb-spacing-left-small:1.92%;\"><div class=\"fusion-column-wrapper fusion-column-has-shadow fusion-flex-justify-content-flex-start fusion-content-layout-column\"><div class=\"fusion-title title fusion-title-1 fusion-sep-none fusion-title-text fusion-title-size-one\" style=\"--awb-margin-top-small:10px;--awb-margin-right-small:0px;--awb-margin-bottom-small:10px;--awb-margin-left-small:0px;\"><h1 class=\"fusion-title-heading title-heading-left\" style=\"margin:0;\">Saps quina \u00e9s la for\u00e7a de vendes de la teva empresa?<\/h1><\/div><\/div><\/div><\/div><\/div><div class=\"fusion-fullwidth fullwidth-box fusion-builder-row-2 fusion-flex-container has-pattern-background has-mask-background hundred-percent-fullwidth non-hundred-percent-height-scrolling\" style=\"--awb-border-radius-top-left:0px;--awb-border-radius-top-right:0px;--awb-border-radius-bottom-right:0px;--awb-border-radius-bottom-left:0px;--awb-padding-top:2%;--awb-padding-bottom:2%;--awb-flex-wrap:wrap;\" ><div class=\"fusion-builder-row fusion-row fusion-flex-align-items-center fusion-flex-content-wrap\" style=\"width:104% !important;max-width:104% !important;margin-left: calc(-4% \/ 2 );margin-right: calc(-4% \/ 2 );\"><div class=\"fusion-layout-column fusion_builder_column fusion-builder-column-1 fusion_builder_column_1_2 1_2 fusion-flex-column\" style=\"--awb-bg-size:cover;--awb-width-large:50%;--awb-margin-top-large:0px;--awb-spacing-right-large:3.84%;--awb-margin-bottom-large:20px;--awb-spacing-left-large:3.84%;--awb-width-medium:50%;--awb-order-medium:0;--awb-spacing-right-medium:3.84%;--awb-spacing-left-medium:3.84%;--awb-width-small:100%;--awb-order-small:0;--awb-spacing-right-small:1.92%;--awb-spacing-left-small:1.92%;\"><div class=\"fusion-column-wrapper fusion-column-has-shadow fusion-flex-justify-content-flex-start fusion-content-layout-column\"><div class=\"fusion-title title fusion-title-2 fusion-sep-none fusion-title-text fusion-title-size-two\" style=\"--awb-margin-top-small:10px;--awb-margin-right-small:0px;--awb-margin-bottom-small:10px;--awb-margin-left-small:0px;\"><h2 class=\"fusion-title-heading title-heading-left\" style=\"margin:0;\">Coneixes els diferents tipus de for\u00e7a de vendes que existeixen?<\/h2><\/div><div class=\"fusion-text fusion-text-1\"><p><span style=\"font-weight: 400;\">Sovint, quan un client arriba a Innio i li preguntem per la seva <\/span><b>for\u00e7a de vendes<\/b><span style=\"font-weight: 400;\"> en el marc d\u2019una <\/span><a href=\"https:\/\/www.innio.biz\/ca\/consultoria-estrategica\/\"><span style=\"font-weight: 400;\">consultoria estrat\u00e8gica<\/span><\/a><span style=\"font-weight: 400;\">, no sap qu\u00e8 respondre\u2019ns. Qu\u00e8 \u00e9s la for\u00e7a de vendes? \u00c9s essencial per a qualsevol mena d\u2019empresa o negoci? \u00c9s important saber qu\u00e8 la forma? Saber quina \u00e9s la meva for\u00e7a de vendes m\u2019ajudar\u00e0 a vendre m\u00e9s? La respostan a totes aquestes preguntes \u00e9s s\u00ed i t\u2019explicarem per qu\u00e8.\u00a0<\/span><\/p>\n<p><span style=\"font-weight: 400;\">La for\u00e7a de vendes \u00e9s el <\/span><b>conjunt de recursos humans i materials que t\u00e9 una empresa per a la comercialitzaci\u00f3 i venda dels seus productes o serveis. <\/b><span style=\"font-weight: 400;\">\u00a0Si els diferents elements que conformen la for\u00e7a de vendes d\u2019una empresa treballen alineats, complint els seus objectius, la companyia aconsegueix les seves metes comercials i aconsegueix avan\u00e7ar. Si els elements que formen la for\u00e7a de vendes s\u00f3n capa\u00e7os de destacar el valor dels productes o serveis que es venen, aconseguiran conv\u00e8ncer els clients potencials de comprar-los. En cas que no sigui aix\u00ed, els objectius comercials de l\u2019empresa dif\u00edcilment es compliran.<\/span><\/p>\n<\/div><\/div><\/div><div class=\"fusion-layout-column fusion_builder_column fusion-builder-column-2 fusion_builder_column_1_2 1_2 fusion-flex-column fusion-flex-align-self-stretch\" style=\"--awb-bg-size:cover;--awb-width-large:50%;--awb-margin-top-large:0px;--awb-spacing-right-large:3.84%;--awb-margin-bottom-large:20px;--awb-spacing-left-large:3.84%;--awb-width-medium:50%;--awb-order-medium:0;--awb-spacing-right-medium:3.84%;--awb-spacing-left-medium:3.84%;--awb-width-small:100%;--awb-order-small:0;--awb-spacing-right-small:1.92%;--awb-spacing-left-small:1.92%;\" data-scroll-devices=\"small-visibility,medium-visibility,large-visibility\"><div class=\"fusion-column-wrapper lazyload fusion-column-has-shadow fusion-flex-justify-content-flex-start fusion-content-layout-column fusion-empty-column-bg-image fusion-column-has-bg-image\" data-bg-url=\"https:\/\/www.innio.biz\/wp-content\/uploads\/2025\/03\/innio-vende-ayuda-innio.2.jpg\" data-bg=\"https:\/\/www.innio.biz\/wp-content\/uploads\/2025\/03\/innio-vende-ayuda-innio.2.jpg\"><img decoding=\"async\" class=\"fusion-empty-dims-img-placeholder\" aria-label=\"innio-vende-ayuda-innio.2\" src=\"data:image\/svg+xml,%3Csvg%20xmlns%3D%27http%3A%2F%2Fwww.w3.org%2F2000%2Fsvg%27%20width%3D%271500%27%20height%3D%271000%27%20viewBox%3D%270%200%201500%201000%27%3E%3Crect%20width%3D%271500%27%20height%3D%271000%27%20fill-opacity%3D%220%22%2F%3E%3C%2Fsvg%3E\"><\/div><\/div><\/div><\/div><div class=\"fusion-fullwidth fullwidth-box fusion-builder-row-3 fusion-flex-container has-pattern-background has-mask-background hundred-percent-fullwidth non-hundred-percent-height-scrolling\" style=\"--awb-border-radius-top-left:0px;--awb-border-radius-top-right:0px;--awb-border-radius-bottom-right:0px;--awb-border-radius-bottom-left:0px;--awb-padding-top:2%;--awb-padding-bottom:2%;--awb-flex-wrap:wrap;\" ><div class=\"fusion-builder-row fusion-row fusion-flex-align-items-flex-start fusion-flex-content-wrap\" style=\"width:104% !important;max-width:104% !important;margin-left: calc(-4% \/ 2 );margin-right: calc(-4% \/ 2 );\"><div class=\"fusion-layout-column fusion_builder_column fusion-builder-column-3 fusion_builder_column_1_2 1_2 fusion-flex-column fusion-flex-align-self-stretch\" style=\"--awb-bg-size:cover;--awb-width-large:50%;--awb-margin-top-large:0px;--awb-spacing-right-large:3.84%;--awb-margin-bottom-large:20px;--awb-spacing-left-large:3.84%;--awb-width-medium:50%;--awb-order-medium:0;--awb-spacing-right-medium:3.84%;--awb-spacing-left-medium:3.84%;--awb-width-small:100%;--awb-order-small:0;--awb-spacing-right-small:1.92%;--awb-spacing-left-small:1.92%;\" data-scroll-devices=\"small-visibility,medium-visibility,large-visibility\"><div class=\"fusion-column-wrapper lazyload fusion-column-has-shadow fusion-flex-justify-content-flex-start fusion-content-layout-column fusion-empty-column-bg-image fusion-column-has-bg-image\" data-bg-url=\"https:\/\/www.innio.biz\/wp-content\/uploads\/2025\/03\/innio-vende-ayuda-innio.1.jpg\" data-bg=\"https:\/\/www.innio.biz\/wp-content\/uploads\/2025\/03\/innio-vende-ayuda-innio.1.jpg\"><img decoding=\"async\" class=\"fusion-empty-dims-img-placeholder\" aria-label=\"innio-vende-ayuda-innio.1\" src=\"data:image\/svg+xml,%3Csvg%20xmlns%3D%27http%3A%2F%2Fwww.w3.org%2F2000%2Fsvg%27%20width%3D%271500%27%20height%3D%271000%27%20viewBox%3D%270%200%201500%201000%27%3E%3Crect%20width%3D%271500%27%20height%3D%271000%27%20fill-opacity%3D%220%22%2F%3E%3C%2Fsvg%3E\"><\/div><\/div><div class=\"fusion-layout-column fusion_builder_column fusion-builder-column-4 fusion_builder_column_1_2 1_2 fusion-flex-column\" style=\"--awb-bg-size:cover;--awb-width-large:50%;--awb-margin-top-large:0px;--awb-spacing-right-large:3.84%;--awb-margin-bottom-large:20px;--awb-spacing-left-large:3.84%;--awb-width-medium:50%;--awb-order-medium:0;--awb-spacing-right-medium:3.84%;--awb-spacing-left-medium:3.84%;--awb-width-small:100%;--awb-order-small:0;--awb-spacing-right-small:1.92%;--awb-spacing-left-small:1.92%;\"><div class=\"fusion-column-wrapper fusion-column-has-shadow fusion-flex-justify-content-flex-start fusion-content-layout-column\"><div class=\"fusion-title title fusion-title-3 fusion-sep-none fusion-title-text fusion-title-size-three\" style=\"--awb-margin-top-small:10px;--awb-margin-right-small:0px;--awb-margin-bottom-small:10px;--awb-margin-left-small:0px;\"><h3 class=\"fusion-title-heading title-heading-left\" style=\"margin:0;\">Aquests s\u00f3n els principals objectius de la for\u00e7a de vendes<\/h3><\/div><div class=\"fusion-text fusion-text-2\"><p><span style=\"font-weight: 400;\">La for\u00e7a de vendes de qualsevol mena d\u2019empresa o negoci t\u00e9 tres objectius principals. <\/span><b>El primer \u00e9s aconseguir incrementar les vendes, <\/b><span style=\"font-weight: 400;\">\u00a0mes rere mes, trimestre rere trimestre i any rere any. Incrementar les vendes de manera progressiva i sostinguda.\u00a0<\/span><\/p>\n<p><span style=\"font-weight: 400;\">El segon objectiu de la for\u00e7a de vendes \u00e9s <\/span><b>atendre els clients i resoldre les necessitats que puguin tenir. <\/b><span style=\"font-weight: 400;\">\u00a0Aix\u00f2 \u00e9s quelcom que repetim constantment en les nostres <\/span><a href=\"https:\/\/www.innio.biz\/ca\/consultoria-comercial\/\"><span style=\"font-weight: 400;\">consultories comercials:<\/span><\/a><span style=\"font-weight: 400;\"> con\u00e8ixer el client potencial de manera precisa, amb tota mena de detalls \u00e9s essencial per aconseguir vendre els nostres productes o serveis. Has de saber qu\u00e8 necessita, quan ho necessita, a trav\u00e9s de quins canals \u00e9s m\u00e9s f\u00e0cil captar la seva atenci\u00f3\u2026 Nom\u00e9s aix\u00ed aconseguiras conv\u00e8ncer-los que comprar all\u00f2 que els ofereixes \u00e9s la millor opci\u00f3.\u00a0<\/span><\/p>\n<p><span style=\"font-weight: 400;\">Finalment, el tercer objectiu de les forces de vendes \u00e9s <\/span><b>estudiar el mercat. <\/b><span style=\"font-weight: 400;\">\u00a0Aix\u00f2 consisteix en identificar les marques i projectes que s\u00f3n la teva compet\u00e8ncia, a detectar tend\u00e8ncies i possibles n\u00ednxols de mercat que generen oportunitats i en con\u00e8ixer com canvien els h\u00e0bits de consum dels nostres clients.<\/span><\/p>\n<\/div><\/div><\/div><\/div><\/div><div class=\"fusion-fullwidth fullwidth-box fusion-builder-row-4 fusion-flex-container has-pattern-background has-mask-background hundred-percent-fullwidth non-hundred-percent-height-scrolling\" style=\"--awb-border-radius-top-left:0px;--awb-border-radius-top-right:0px;--awb-border-radius-bottom-right:0px;--awb-border-radius-bottom-left:0px;--awb-padding-top:2%;--awb-padding-bottom:2%;--awb-flex-wrap:wrap;\" ><div class=\"fusion-builder-row fusion-row fusion-flex-align-items-flex-start fusion-flex-content-wrap\" style=\"width:104% !important;max-width:104% !important;margin-left: calc(-4% \/ 2 );margin-right: calc(-4% \/ 2 );\"><div class=\"fusion-layout-column fusion_builder_column fusion-builder-column-5 fusion_builder_column_1_2 1_2 fusion-flex-column\" style=\"--awb-bg-size:cover;--awb-width-large:50%;--awb-margin-top-large:0px;--awb-spacing-right-large:3.84%;--awb-margin-bottom-large:20px;--awb-spacing-left-large:3.84%;--awb-width-medium:50%;--awb-order-medium:0;--awb-spacing-right-medium:3.84%;--awb-spacing-left-medium:3.84%;--awb-width-small:100%;--awb-order-small:0;--awb-spacing-right-small:1.92%;--awb-spacing-left-small:1.92%;\"><div class=\"fusion-column-wrapper fusion-column-has-shadow fusion-flex-justify-content-flex-start fusion-content-layout-column\"><div class=\"fusion-title title fusion-title-4 fusion-sep-none fusion-title-text fusion-title-size-three\" style=\"--awb-margin-top-small:10px;--awb-margin-right-small:0px;--awb-margin-bottom-small:10px;--awb-margin-left-small:0px;\"><h3 class=\"fusion-title-heading title-heading-left\" style=\"margin:0;\">Quins s\u00f3n els tipus de for\u00e7a de vendes que existeixen?<\/h3><\/div><div class=\"fusion-text fusion-text-3\"><p><span style=\"font-weight: 400;\">Si dediques uns moments a pensar en els <\/span><b>recursos que tens a la teva empresa destinats a vendre, <\/b><span style=\"font-weight: 400;\">\u00a0t\u2019adonar\u00e0s que s\u00f3n molt diferents entre ells. Tenes venedors i comercials o nom\u00e9s una p\u00e0gina web? Comptes amb un equip de venedors intern o contractes externs per a fires i esdeveniments?<\/span><\/p>\n<p><span style=\"font-weight: 400;\">A continuaci\u00f3, et detallarem els tipus de for\u00e7a de vendes que existeixen:<\/span><\/p>\n<\/div><div class=\"accordian fusion-accordian\" style=\"--awb-border-size:1px;--awb-icon-size:16px;--awb-content-font-size:var(--awb-typography4-font-size);--awb-icon-alignment:left;--awb-hover-color:var(--awb-color2);--awb-border-color:var(--awb-color3);--awb-background-color:var(--awb-color1);--awb-divider-color:var(--awb-color3);--awb-divider-hover-color:var(--awb-color3);--awb-icon-color:var(--awb-color1);--awb-title-color:var(--awb-color8);--awb-content-color:var(--awb-color5);--awb-icon-box-color:var(--awb-color8);--awb-toggle-hover-accent-color:var(--awb-color5);--awb-title-font-family:var(--awb-typography1-font-family);--awb-title-font-weight:var(--awb-typography1-font-weight);--awb-title-font-style:var(--awb-typography1-font-style);--awb-title-font-size:16px;--awb-content-font-family:var(--awb-typography4-font-family);--awb-content-font-weight:var(--awb-typography4-font-weight);--awb-content-font-style:var(--awb-typography4-font-style);\"><div class=\"panel-group fusion-toggle-icon-boxed\" id=\"accordion-571-1\"><div class=\"fusion-panel panel-default panel-663f66cd1802ec323 fusion-toggle-has-divider\" style=\"--awb-title-color:var(--awb-color8);--awb-content-color:var(--awb-color8);\"><div class=\"panel-heading\"><h3 class=\"panel-title toggle\" id=\"toggle_663f66cd1802ec323\"><a class=\"active\" aria-expanded=\"true\" aria-controls=\"663f66cd1802ec323\" role=\"button\" data-toggle=\"collapse\" data-parent=\"#accordion-571-1\" data-target=\"#663f66cd1802ec323\" href=\"#663f66cd1802ec323\"><span class=\"fusion-toggle-icon-wrapper\" aria-hidden=\"true\"><i class=\"fa-fusion-box active-icon awb-icon-minus\" aria-hidden=\"true\"><\/i><i class=\"fa-fusion-box inactive-icon awb-icon-plus\" aria-hidden=\"true\"><\/i><\/span><span class=\"fusion-toggle-heading\">Materials o humans<\/span><\/a><\/h3><\/div><div id=\"663f66cd1802ec323\" class=\"panel-collapse collapse in\" aria-labelledby=\"toggle_663f66cd1802ec323\"><div class=\"panel-body toggle-content fusion-clearfix\">\n<p><span style=\"font-weight: 400;\">Es consideren materials aquelles tecnologies o plataformes que ens serveixen per vendre els nostres productes o serveis. Els humans s\u00f3n les persones o col\u00b7laboradors que directament treballen per vendre als clients.<\/span><\/p>\n<\/div><\/div><\/div><div class=\"fusion-panel panel-default panel-b978c0bfc8aaea7dd fusion-toggle-has-divider\" style=\"--awb-title-color:var(--awb-color8);--awb-content-color:var(--awb-color8);\"><div class=\"panel-heading\"><h3 class=\"panel-title toggle\" id=\"toggle_b978c0bfc8aaea7dd\"><a aria-expanded=\"false\" aria-controls=\"b978c0bfc8aaea7dd\" role=\"button\" data-toggle=\"collapse\" data-parent=\"#accordion-571-1\" data-target=\"#b978c0bfc8aaea7dd\" href=\"#b978c0bfc8aaea7dd\"><span class=\"fusion-toggle-icon-wrapper\" aria-hidden=\"true\"><i class=\"fa-fusion-box active-icon awb-icon-minus\" aria-hidden=\"true\"><\/i><i class=\"fa-fusion-box inactive-icon awb-icon-plus\" aria-hidden=\"true\"><\/i><\/span><span class=\"fusion-toggle-heading\">Interns o externs<\/span><\/a><\/h3><\/div><div id=\"b978c0bfc8aaea7dd\" class=\"panel-collapse collapse \" aria-labelledby=\"toggle_b978c0bfc8aaea7dd\"><div class=\"panel-body toggle-content fusion-clearfix\">\n<p><span style=\"font-weight: 400;\">Es consideren interns quan els recursos estan incorporats en el s\u00ed de l\u2019empresa i formen part de la seva estructura interna. Els externs s\u00f3n aquelles eines o persones que, malgrat no formar part de l\u2019empresa, treballen des de fora per aconseguir vendre els seus productes o serveis.<\/span><\/p>\n<\/div><\/div><\/div><div class=\"fusion-panel panel-default panel-a513bf48044bfa050 fusion-toggle-has-divider\" style=\"--awb-title-color:var(--awb-color8);--awb-content-color:var(--awb-color8);\"><div class=\"panel-heading\"><h3 class=\"panel-title toggle\" id=\"toggle_a513bf48044bfa050\"><a aria-expanded=\"false\" aria-controls=\"a513bf48044bfa050\" role=\"button\" data-toggle=\"collapse\" data-parent=\"#accordion-571-1\" data-target=\"#a513bf48044bfa050\" href=\"#a513bf48044bfa050\"><span class=\"fusion-toggle-icon-wrapper\" aria-hidden=\"true\"><i class=\"fa-fusion-box active-icon awb-icon-minus\" aria-hidden=\"true\"><\/i><i class=\"fa-fusion-box inactive-icon awb-icon-plus\" aria-hidden=\"true\"><\/i><\/span><span class=\"fusion-toggle-heading\">Per client o per producte<\/span><\/a><\/h3><\/div><div id=\"a513bf48044bfa050\" class=\"panel-collapse collapse \" aria-labelledby=\"toggle_a513bf48044bfa050\"><div class=\"panel-body toggle-content fusion-clearfix\">\n<p><span style=\"font-weight: 400;\">La for\u00e7a de vendes per client es caracteritza per oferir una atenci\u00f3 personalitzada i plural. \u00c9s \u00fatil en aquelles empreses que tenen una l\u00ednia de productes o serveis petita. La for\u00e7a de vendes per producte \u00e9s aquella que se centra en la l\u00ednia de productes i cada membre s\u2019especialitza en una l\u00ednia de productes concreta. Es pot dir que el venedor \u00e9s un expert en un dels productes en concret. <\/span><\/p>\n<\/div><\/div><\/div><div class=\"fusion-panel panel-default panel-95957c9c519279d27 fusion-toggle-has-divider\" style=\"--awb-title-color:var(--awb-color8);--awb-content-color:var(--awb-color8);\"><div class=\"panel-heading\"><h3 class=\"panel-title toggle\" id=\"toggle_95957c9c519279d27\"><a aria-expanded=\"false\" aria-controls=\"95957c9c519279d27\" role=\"button\" data-toggle=\"collapse\" data-parent=\"#accordion-571-1\" data-target=\"#95957c9c519279d27\" href=\"#95957c9c519279d27\"><span class=\"fusion-toggle-icon-wrapper\" aria-hidden=\"true\"><i class=\"fa-fusion-box active-icon awb-icon-minus\" aria-hidden=\"true\"><\/i><i class=\"fa-fusion-box inactive-icon awb-icon-plus\" aria-hidden=\"true\"><\/i><\/span><span class=\"fusion-toggle-heading\">Per mercat o per funci\u00f3<\/span><\/a><\/h3><\/div><div id=\"95957c9c519279d27\" class=\"panel-collapse collapse \" aria-labelledby=\"toggle_95957c9c519279d27\"><div class=\"panel-body toggle-content fusion-clearfix\">\n<p><span style=\"font-weight: 400;\">La for\u00e7a de vendes per mercat se centra en escollir les millors estrat\u00e8gies per arribar als clients d\u2019un sector en concret. En canvi, la for\u00e7a de vendes per funci\u00f3 consisteix en detectar quin \u00e9s el potencial de cada venedor i aprofitar-lo al m\u00e0xim. Si un \u00e9s bo en les dist\u00e0ncies curtes, cal aprofitar-lo en aquest \u00e0mbit. Si un t\u00e9 facilitat per parlar per tel\u00e8fon, aquest ser\u00e0 el seu lloc.<\/span><\/p>\n<\/div><\/div><\/div><\/div><\/div><\/div><\/div><div class=\"fusion-layout-column fusion_builder_column fusion-builder-column-6 fusion_builder_column_1_2 1_2 fusion-flex-column fusion-flex-align-self-stretch\" style=\"--awb-bg-size:cover;--awb-width-large:50%;--awb-margin-top-large:0px;--awb-spacing-right-large:3.84%;--awb-margin-bottom-large:20px;--awb-spacing-left-large:3.84%;--awb-width-medium:50%;--awb-order-medium:0;--awb-spacing-right-medium:3.84%;--awb-spacing-left-medium:3.84%;--awb-width-small:100%;--awb-order-small:0;--awb-spacing-right-small:1.92%;--awb-spacing-left-small:1.92%;\" data-scroll-devices=\"small-visibility,medium-visibility,large-visibility\"><div class=\"fusion-column-wrapper lazyload fusion-column-has-shadow fusion-flex-justify-content-flex-start fusion-content-layout-column fusion-empty-column-bg-image fusion-column-has-bg-image\" data-bg-url=\"https:\/\/www.innio.biz\/wp-content\/uploads\/2025\/03\/innio-vende-ayuda-innio.0.jpg\" data-bg=\"https:\/\/www.innio.biz\/wp-content\/uploads\/2025\/03\/innio-vende-ayuda-innio.0.jpg\"><img decoding=\"async\" class=\"fusion-empty-dims-img-placeholder\" aria-label=\"innio-vende-ayuda-innio.0\" src=\"data:image\/svg+xml,%3Csvg%20xmlns%3D%27http%3A%2F%2Fwww.w3.org%2F2000%2Fsvg%27%20width%3D%271500%27%20height%3D%271000%27%20viewBox%3D%270%200%201500%201000%27%3E%3Crect%20width%3D%271500%27%20height%3D%271000%27%20fill-opacity%3D%220%22%2F%3E%3C%2Fsvg%3E\"><\/div><\/div><\/div><\/div><div class=\"fusion-fullwidth fullwidth-box fusion-builder-row-5 fusion-flex-container has-pattern-background has-mask-background hundred-percent-fullwidth non-hundred-percent-height-scrolling\" style=\"--link_color: var(--awb-color3);--awb-border-radius-top-left:0px;--awb-border-radius-top-right:0px;--awb-border-radius-bottom-right:0px;--awb-border-radius-bottom-left:0px;--awb-padding-top:3%;--awb-padding-right:3%;--awb-padding-bottom:3%;--awb-padding-left:3%;--awb-background-color:var(--awb-color3);--awb-flex-wrap:wrap;\" ><div class=\"fusion-builder-row fusion-row fusion-flex-align-items-flex-start fusion-flex-content-wrap\" style=\"width:104% !important;max-width:104% !important;margin-left: calc(-4% \/ 2 );margin-right: calc(-4% \/ 2 );\"><div class=\"fusion-layout-column fusion_builder_column fusion-builder-column-7 fusion_builder_column_1_1 1_1 fusion-flex-column\" style=\"--awb-bg-size:cover;--awb-width-large:100%;--awb-margin-top-large:0px;--awb-spacing-right-large:1.92%;--awb-margin-bottom-large:20px;--awb-spacing-left-large:1.92%;--awb-width-medium:100%;--awb-order-medium:0;--awb-spacing-right-medium:1.92%;--awb-spacing-left-medium:1.92%;--awb-width-small:100%;--awb-order-small:0;--awb-spacing-right-small:1.92%;--awb-spacing-left-small:1.92%;\"><div class=\"fusion-column-wrapper fusion-column-has-shadow fusion-flex-justify-content-flex-start fusion-content-layout-column\"><div class=\"fusion-title title fusion-title-5 fusion-sep-none fusion-title-center fusion-title-text fusion-title-size-three\" style=\"--awb-margin-top-small:10px;--awb-margin-right-small:0px;--awb-margin-bottom-small:10px;--awb-margin-left-small:0px;\"><h3 class=\"fusion-title-heading title-heading-center\" style=\"margin:0;\">Des d\u2019Innio et podem ajudar a ordenar i a treure el m\u00e0xim profit de la teva for\u00e7a de vendes<\/h3><\/div><div class=\"fusion-text fusion-text-4\" style=\"--awb-font-size:20px;\"><p style=\"text-align: center;\"><span style=\"font-weight: 400;\">Si necessites que et donem un cop de m\u00e0 per identificar tots els recursos que tens destinats a vendre els teus productes i serveis, a analitzar quin \u00e9s el rendiment que n\u2019obtens de cada un d\u2019ells i definir estrat\u00e8gies de millora per potenciar al m\u00e0xim el seu rendiment, no dubtis a contactar amb nosaltres.<br \/>\n<\/span><\/p>\n<\/div><div style=\"text-align:center;\"><a class=\"fusion-button button-flat fusion-button-default-size button-default fusion-button-default button-1 fusion-button-default-span fusion-button-default-type\" style=\"--button-border-radius-top-left:25px;--button-border-radius-top-right:25px;--button-border-radius-bottom-right:25px;--button-border-radius-bottom-left:25px;\" target=\"_self\" href=\"https:\/\/www.innio.biz\/ca\/contacte\/\"><span class=\"fusion-button-text awb-button__text awb-button__text--default\">T\u2019ajudem?<\/span><\/a><\/div><\/div><\/div><\/div><\/div><\/p>\n","protected":false},"excerpt":{"rendered":"","protected":false},"author":1,"featured_media":562,"comment_status":"closed","ping_status":"closed","sticky":false,"template":"","format":"standard","meta":{"footnotes":""},"categories":[17],"tags":[],"class_list":["post-571","post","type-post","status-publish","format-standard","has-post-thumbnail","hentry","category-blog"],"_links":{"self":[{"href":"https:\/\/www.innio.biz\/ca\/wp-json\/wp\/v2\/posts\/571","targetHints":{"allow":["GET"]}}],"collection":[{"href":"https:\/\/www.innio.biz\/ca\/wp-json\/wp\/v2\/posts"}],"about":[{"href":"https:\/\/www.innio.biz\/ca\/wp-json\/wp\/v2\/types\/post"}],"author":[{"embeddable":true,"href":"https:\/\/www.innio.biz\/ca\/wp-json\/wp\/v2\/users\/1"}],"replies":[{"embeddable":true,"href":"https:\/\/www.innio.biz\/ca\/wp-json\/wp\/v2\/comments?post=571"}],"version-history":[{"count":2,"href":"https:\/\/www.innio.biz\/ca\/wp-json\/wp\/v2\/posts\/571\/revisions"}],"predecessor-version":[{"id":573,"href":"https:\/\/www.innio.biz\/ca\/wp-json\/wp\/v2\/posts\/571\/revisions\/573"}],"wp:featuredmedia":[{"embeddable":true,"href":"https:\/\/www.innio.biz\/ca\/wp-json\/wp\/v2\/media\/562"}],"wp:attachment":[{"href":"https:\/\/www.innio.biz\/ca\/wp-json\/wp\/v2\/media?parent=571"}],"wp:term":[{"taxonomy":"category","embeddable":true,"href":"https:\/\/www.innio.biz\/ca\/wp-json\/wp\/v2\/categories?post=571"},{"taxonomy":"post_tag","embeddable":true,"href":"https:\/\/www.innio.biz\/ca\/wp-json\/wp\/v2\/tags?post=571"}],"curies":[{"name":"wp","href":"https:\/\/api.w.org\/{rel}","templated":true}]}}